{"id":1003,"date":"2011-09-03T12:00:39","date_gmt":"2011-09-03T12:00:39","guid":{"rendered":"https:\/\/queixotetilla.org\/?p=1003"},"modified":"2024-06-05T13:49:32","modified_gmt":"2024-06-05T13:49:32","slug":"queso-tetilla-en-alimentaria","status":"publish","type":"post","link":"https:\/\/queixotetilla.org\/gl\/2011\/09\/03\/queso-tetilla-en-alimentaria\/","title":{"rendered":"Queso Tetilla en Alimentaria"},"content":{"rendered":"\r\n\r\nComo no podia ser de otra manera<strong>\u00a0Queso Tetilla ha estado presente en Alimentaria<\/strong>\u00a0uno de los salones de Alimentaci\u00f3n \u00a0m\u00e1s importantes del mundo. Un evento de referencia cuyos factores de \u00e9xito son la m\u00e1xima especializaci\u00f3n de su oferta, la innovaci\u00f3n y una infatigable vocaci\u00f3n exterior.\r\n\r\n\r\n\r\n\r\n\r\nDel\u00a0<strong>26 al 29 de marzo de 2012<\/strong>,\u00a0<strong>Alimentaria<\/strong>\u00a0fue un centro de negocios internacional para mostrar un poco m\u00e1s la calidad y sabor del gallego m\u00e1s famoso.\r\n\r\n","protected":false},"excerpt":{"rendered":"<p>Como no podia ser de otra manera\u00a0Queso Tetilla ha estado presente en Alimentaria\u00a0uno de los salones de Alimentaci\u00f3n \u00a0m\u00e1s importantes del mundo. Un evento de referencia cuyos factores de \u00e9xito son la m\u00e1xima especializaci\u00f3n de su oferta, la innovaci\u00f3n y una infatigable vocaci\u00f3n exterior. Del\u00a026 al 29 de marzo de 2012,\u00a0Alimentaria\u00a0fue un centro de negocios [&hellip;]<\/p>\n","protected":false},"author":5,"featured_media":0,"comment_status":"closed","ping_status":"closed","sticky":false,"template":"","format":"standard","meta":{"_et_pb_use_builder":"","_et_pb_old_content":"","_et_gb_content_width":"","footnotes":""},"categories":[1],"tags":[],"class_list":["post-1003","post","type-post","status-publish","format-standard","hentry","category-novas"],"yoast_head":"<!-- This site is optimized with the Yoast SEO plugin v26.0 - https:\/\/yoast.com\/wordpress\/plugins\/seo\/ -->\n<title>Queso Tetilla en Alimentaria - Queixo Tetilla<\/title>\n<meta name=\"robots\" content=\"index, follow, max-snippet:-1, max-image-preview:large, max-video-preview:-1\" \/>\n<link rel=\"canonical\" href=\"https:\/\/queixotetilla.org\/gl\/2011\/09\/03\/queso-tetilla-en-alimentaria\/\" \/>\n<meta property=\"og:locale\" content=\"gl_ES\" \/>\n<meta property=\"og:type\" content=\"article\" \/>\n<meta property=\"og:title\" content=\"Queso Tetilla en Alimentaria - Queixo Tetilla\" \/>\n<meta property=\"og:description\" content=\"Como no podia ser de otra manera\u00a0Queso Tetilla ha estado presente en Alimentaria\u00a0uno de los salones de Alimentaci\u00f3n \u00a0m\u00e1s importantes del mundo. Un evento de referencia cuyos factores de \u00e9xito son la m\u00e1xima especializaci\u00f3n de su oferta, la innovaci\u00f3n y una infatigable vocaci\u00f3n exterior. Del\u00a026 al 29 de marzo de 2012,\u00a0Alimentaria\u00a0fue un centro de negocios [&hellip;]\" \/>\n<meta property=\"og:url\" content=\"https:\/\/queixotetilla.org\/gl\/2011\/09\/03\/queso-tetilla-en-alimentaria\/\" \/>\n<meta property=\"og:site_name\" content=\"Queixo Tetilla\" \/>\n<meta property=\"article:published_time\" content=\"2011-09-03T12:00:39+00:00\" \/>\n<meta property=\"article:modified_time\" content=\"2024-06-05T13:49:32+00:00\" \/>\n<meta name=\"author\" content=\"Queixo de Tetilla\" \/>\n<meta name=\"twitter:card\" content=\"summary_large_image\" \/>\n<meta name=\"twitter:label1\" content=\"Escrito por\" \/>\n\t<meta name=\"twitter:data1\" content=\"Queixo de Tetilla\" \/>\n<script type=\"application\/ld+json\" class=\"yoast-schema-graph\">{\"@context\":\"https:\/\/schema.org\",\"@graph\":[{\"@type\":\"Article\",\"@id\":\"https:\/\/queixotetilla.org\/gl\/2011\/09\/03\/queso-tetilla-en-alimentaria\/#article\",\"isPartOf\":{\"@id\":\"https:\/\/queixotetilla.org\/gl\/2011\/09\/03\/queso-tetilla-en-alimentaria\/\"},\"author\":{\"name\":\"Queixo de Tetilla\",\"@id\":\"https:\/\/queixotetilla.org\/gl\/#\/schema\/person\/34deecbec2429221235c3cf51f156cf6\"},\"headline\":\"Queso Tetilla en Alimentaria\",\"datePublished\":\"2011-09-03T12:00:39+00:00\",\"dateModified\":\"2024-06-05T13:49:32+00:00\",\"mainEntityOfPage\":{\"@id\":\"https:\/\/queixotetilla.org\/gl\/2011\/09\/03\/queso-tetilla-en-alimentaria\/\"},\"wordCount\":83,\"publisher\":{\"@id\":\"https:\/\/queixotetilla.org\/gl\/#organization\"},\"articleSection\":[\"Novas\"],\"inLanguage\":\"gl-ES\"},{\"@type\":\"WebPage\",\"@id\":\"https:\/\/queixotetilla.org\/gl\/2011\/09\/03\/queso-tetilla-en-alimentaria\/\",\"url\":\"https:\/\/queixotetilla.org\/gl\/2011\/09\/03\/queso-tetilla-en-alimentaria\/\",\"name\":\"Queso Tetilla en Alimentaria - Queixo Tetilla\",\"isPartOf\":{\"@id\":\"https:\/\/queixotetilla.org\/gl\/#website\"},\"datePublished\":\"2011-09-03T12:00:39+00:00\",\"dateModified\":\"2024-06-05T13:49:32+00:00\",\"breadcrumb\":{\"@id\":\"https:\/\/queixotetilla.org\/gl\/2011\/09\/03\/queso-tetilla-en-alimentaria\/#breadcrumb\"},\"inLanguage\":\"gl-ES\",\"potentialAction\":[{\"@type\":\"ReadAction\",\"target\":[\"https:\/\/queixotetilla.org\/gl\/2011\/09\/03\/queso-tetilla-en-alimentaria\/\"]}]},{\"@type\":\"BreadcrumbList\",\"@id\":\"https:\/\/queixotetilla.org\/gl\/2011\/09\/03\/queso-tetilla-en-alimentaria\/#breadcrumb\",\"itemListElement\":[{\"@type\":\"ListItem\",\"position\":1,\"name\":\"Portada\",\"item\":\"https:\/\/queixotetilla.org\/gl\/\"},{\"@type\":\"ListItem\",\"position\":2,\"name\":\"Queso Tetilla en Alimentaria\"}]},{\"@type\":\"WebSite\",\"@id\":\"https:\/\/queixotetilla.org\/gl\/#website\",\"url\":\"https:\/\/queixotetilla.org\/gl\/\",\"name\":\"Queixo Tetilla\",\"description\":\"Denominaci\u00f3n de orixe protexida\",\"publisher\":{\"@id\":\"https:\/\/queixotetilla.org\/gl\/#organization\"},\"potentialAction\":[{\"@type\":\"SearchAction\",\"target\":{\"@type\":\"EntryPoint\",\"urlTemplate\":\"https:\/\/queixotetilla.org\/gl\/?s={search_term_string}\"},\"query-input\":{\"@type\":\"PropertyValueSpecification\",\"valueRequired\":true,\"valueName\":\"search_term_string\"}}],\"inLanguage\":\"gl-ES\"},{\"@type\":\"Organization\",\"@id\":\"https:\/\/queixotetilla.org\/gl\/#organization\",\"name\":\"Queixo Tetilla\",\"url\":\"https:\/\/queixotetilla.org\/gl\/\",\"logo\":{\"@type\":\"ImageObject\",\"inLanguage\":\"gl-ES\",\"@id\":\"https:\/\/queixotetilla.org\/gl\/#\/schema\/logo\/image\/\",\"url\":\"https:\/\/queixotetilla.org\/wp-content\/uploads\/2021\/08\/logo_web.png\",\"contentUrl\":\"https:\/\/queixotetilla.org\/wp-content\/uploads\/2021\/08\/logo_web.png\",\"width\":500,\"height\":451,\"caption\":\"Queixo Tetilla\"},\"image\":{\"@id\":\"https:\/\/queixotetilla.org\/gl\/#\/schema\/logo\/image\/\"}},{\"@type\":\"Person\",\"@id\":\"https:\/\/queixotetilla.org\/gl\/#\/schema\/person\/34deecbec2429221235c3cf51f156cf6\",\"name\":\"Queixo de Tetilla\",\"url\":\"https:\/\/queixotetilla.org\/gl\/author\/raulfg\/\"}]}<\/script>\n<!-- \/ Yoast SEO plugin. -->","yoast_head_json":{"title":"Queso Tetilla en Alimentaria - Queixo Tetilla","robots":{"index":"index","follow":"follow","max-snippet":"max-snippet:-1","max-image-preview":"max-image-preview:large","max-video-preview":"max-video-preview:-1"},"canonical":"https:\/\/queixotetilla.org\/gl\/2011\/09\/03\/queso-tetilla-en-alimentaria\/","og_locale":"gl_ES","og_type":"article","og_title":"Queso Tetilla en Alimentaria - Queixo Tetilla","og_description":"Como no podia ser de otra manera\u00a0Queso Tetilla ha estado presente en Alimentaria\u00a0uno de los salones de Alimentaci\u00f3n \u00a0m\u00e1s importantes del mundo. Un evento de referencia cuyos factores de \u00e9xito son la m\u00e1xima especializaci\u00f3n de su oferta, la innovaci\u00f3n y una infatigable vocaci\u00f3n exterior. Del\u00a026 al 29 de marzo de 2012,\u00a0Alimentaria\u00a0fue un centro de negocios [&hellip;]","og_url":"https:\/\/queixotetilla.org\/gl\/2011\/09\/03\/queso-tetilla-en-alimentaria\/","og_site_name":"Queixo Tetilla","article_published_time":"2011-09-03T12:00:39+00:00","article_modified_time":"2024-06-05T13:49:32+00:00","author":"Queixo de Tetilla","twitter_card":"summary_large_image","twitter_misc":{"Escrito por":"Queixo de Tetilla"},"schema":{"@context":"https:\/\/schema.org","@graph":[{"@type":"Article","@id":"https:\/\/queixotetilla.org\/gl\/2011\/09\/03\/queso-tetilla-en-alimentaria\/#article","isPartOf":{"@id":"https:\/\/queixotetilla.org\/gl\/2011\/09\/03\/queso-tetilla-en-alimentaria\/"},"author":{"name":"Queixo de Tetilla","@id":"https:\/\/queixotetilla.org\/gl\/#\/schema\/person\/34deecbec2429221235c3cf51f156cf6"},"headline":"Queso Tetilla en Alimentaria","datePublished":"2011-09-03T12:00:39+00:00","dateModified":"2024-06-05T13:49:32+00:00","mainEntityOfPage":{"@id":"https:\/\/queixotetilla.org\/gl\/2011\/09\/03\/queso-tetilla-en-alimentaria\/"},"wordCount":83,"publisher":{"@id":"https:\/\/queixotetilla.org\/gl\/#organization"},"articleSection":["Novas"],"inLanguage":"gl-ES"},{"@type":"WebPage","@id":"https:\/\/queixotetilla.org\/gl\/2011\/09\/03\/queso-tetilla-en-alimentaria\/","url":"https:\/\/queixotetilla.org\/gl\/2011\/09\/03\/queso-tetilla-en-alimentaria\/","name":"Queso Tetilla en Alimentaria - Queixo Tetilla","isPartOf":{"@id":"https:\/\/queixotetilla.org\/gl\/#website"},"datePublished":"2011-09-03T12:00:39+00:00","dateModified":"2024-06-05T13:49:32+00:00","breadcrumb":{"@id":"https:\/\/queixotetilla.org\/gl\/2011\/09\/03\/queso-tetilla-en-alimentaria\/#breadcrumb"},"inLanguage":"gl-ES","potentialAction":[{"@type":"ReadAction","target":["https:\/\/queixotetilla.org\/gl\/2011\/09\/03\/queso-tetilla-en-alimentaria\/"]}]},{"@type":"BreadcrumbList","@id":"https:\/\/queixotetilla.org\/gl\/2011\/09\/03\/queso-tetilla-en-alimentaria\/#breadcrumb","itemListElement":[{"@type":"ListItem","position":1,"name":"Portada","item":"https:\/\/queixotetilla.org\/gl\/"},{"@type":"ListItem","position":2,"name":"Queso Tetilla en Alimentaria"}]},{"@type":"WebSite","@id":"https:\/\/queixotetilla.org\/gl\/#website","url":"https:\/\/queixotetilla.org\/gl\/","name":"Queixo Tetilla","description":"Denominaci\u00f3n de orixe protexida","publisher":{"@id":"https:\/\/queixotetilla.org\/gl\/#organization"},"potentialAction":[{"@type":"SearchAction","target":{"@type":"EntryPoint","urlTemplate":"https:\/\/queixotetilla.org\/gl\/?s={search_term_string}"},"query-input":{"@type":"PropertyValueSpecification","valueRequired":true,"valueName":"search_term_string"}}],"inLanguage":"gl-ES"},{"@type":"Organization","@id":"https:\/\/queixotetilla.org\/gl\/#organization","name":"Queixo Tetilla","url":"https:\/\/queixotetilla.org\/gl\/","logo":{"@type":"ImageObject","inLanguage":"gl-ES","@id":"https:\/\/queixotetilla.org\/gl\/#\/schema\/logo\/image\/","url":"https:\/\/queixotetilla.org\/wp-content\/uploads\/2021\/08\/logo_web.png","contentUrl":"https:\/\/queixotetilla.org\/wp-content\/uploads\/2021\/08\/logo_web.png","width":500,"height":451,"caption":"Queixo Tetilla"},"image":{"@id":"https:\/\/queixotetilla.org\/gl\/#\/schema\/logo\/image\/"}},{"@type":"Person","@id":"https:\/\/queixotetilla.org\/gl\/#\/schema\/person\/34deecbec2429221235c3cf51f156cf6","name":"Queixo de Tetilla","url":"https:\/\/queixotetilla.org\/gl\/author\/raulfg\/"}]}},"_links":{"self":[{"href":"https:\/\/queixotetilla.org\/gl\/wp-json\/wp\/v2\/posts\/1003","targetHints":{"allow":["GET"]}}],"collection":[{"href":"https:\/\/queixotetilla.org\/gl\/wp-json\/wp\/v2\/posts"}],"about":[{"href":"https:\/\/queixotetilla.org\/gl\/wp-json\/wp\/v2\/types\/post"}],"author":[{"embeddable":true,"href":"https:\/\/queixotetilla.org\/gl\/wp-json\/wp\/v2\/users\/5"}],"replies":[{"embeddable":true,"href":"https:\/\/queixotetilla.org\/gl\/wp-json\/wp\/v2\/comments?post=1003"}],"version-history":[{"count":0,"href":"https:\/\/queixotetilla.org\/gl\/wp-json\/wp\/v2\/posts\/1003\/revisions"}],"wp:attachment":[{"href":"https:\/\/queixotetilla.org\/gl\/wp-json\/wp\/v2\/media?parent=1003"}],"wp:term":[{"taxonomy":"category","embeddable":true,"href":"https:\/\/queixotetilla.org\/gl\/wp-json\/wp\/v2\/categories?post=1003"},{"taxonomy":"post_tag","embeddable":true,"href":"https:\/\/queixotetilla.org\/gl\/wp-json\/wp\/v2\/tags?post=1003"}],"curies":[{"name":"wp","href":"https:\/\/api.w.org\/{rel}","templated":true}]}}